{"id":312,"__str__":"REQUERIMENTO n\u00ba 5 de 2026","link_detail_backend":"/materia/312","metadata":{"signs":{"texto_original":{"admin":[],"autores":[["Valdir dos Santos Costa",["2026-04-15T20:16:33-03:00","Gov-Br"]]]}}},"numero":5,"ano":2026,"numero_protocolo":null,"data_apresentacao":"2026-04-15","tipo_apresentacao":"E","data_publicacao":null,"numero_origem_externa":"","ano_origem_externa":null,"data_origem_externa":null,"apelido":"","dias_prazo":null,"data_fim_prazo":null,"em_tramitacao":true,"polemica":false,"objeto":"","complementar":false,"ementa":"Requer, ap\u00f3s ouvido o Plen\u00e1rio, a convoca\u00e7\u00e3o da Secret\u00e1ria Municipal de Sa\u00fade, para comparecer perante esta Casa Legislativa, em data a ser designada, a fim de prestar esclarecimentos sobre assuntos relacionados \u00e0 sa\u00fade p\u00fablica do munic\u00edpio.","indexacao":"","observacao":"REQUERIMENTO APRESENTADO PELOS VEREADORES KAMILA MINEIRO PONTE E VALDIR DOS SANTOS COSTA","resultado":"","texto_original":"http://sapl.lagoaalegre.pi.leg.br/media/sapl/public/materialegislativa/2026/312/requerimento_03_2026_kamila_e_valdir_assinado_260415_201540_assinado.pdf","data_ultima_atualizacao":"2026-04-17T10:57:48.603314-03:00","ip":"45.161.91.133","ultima_edicao":"2026-04-16T09:15:57.343869-03:00","tipo":1,"regime_tramitacao":1,"tipo_origem_externa":null,"local_origem_externa":null,"user":2,"anexadas":[],"autores":[23,29]}